{"id":169,"date":"2014-02-17T15:11:08","date_gmt":"2014-02-17T14:11:08","guid":{"rendered":"http:\/\/www.comunicacionesinalambricashoy.com\/wireless\/?p=169"},"modified":"2024-04-12T10:34:04","modified_gmt":"2024-04-12T08:34:04","slug":"sicur-seguridad-convergencia-hacia-la-monitorizacion-y-vigilancia-remota","status":"publish","type":"post","link":"https:\/\/www.comunicacionesinalambricashoy.com\/wireless\/sicur-seguridad-convergencia-hacia-la-monitorizacion-y-vigilancia-remota\/","title":{"rendered":"SICUR \u2013 Seguridad, convergencia hacia la monitorizaci\u00f3n y vigilancia remota"},"content":{"rendered":"<div class=\"wp-block-image\">\n<figure class=\"alignleft\"><a href=\"https:\/\/www.comunicacionesinalambricashoy.com\/wireless\/wp-content\/uploads\/2014\/02\/SICUR.jpg\"><img loading=\"lazy\" decoding=\"async\" width=\"300\" height=\"400\" src=\"https:\/\/www.comunicacionesinalambricashoy.com\/wireless\/wp-content\/uploads\/2014\/02\/SICUR.jpg\" alt=\"SICUR \u2013 Seguridad, convergencia hacia la monitorizaci\u00f3n y vigilancia remota\" class=\"wp-image-170\" srcset=\"https:\/\/www.comunicacionesinalambricashoy.com\/wireless\/wp-content\/uploads\/2014\/02\/SICUR.jpg 300w, https:\/\/www.comunicacionesinalambricashoy.com\/wireless\/wp-content\/uploads\/2014\/02\/SICUR-225x300.jpg 225w\" sizes=\"auto, (max-width: 300px) 100vw, 300px\" \/><\/a><figcaption class=\"wp-element-caption\">SICUR \u2013 Seguridad, convergencia hacia la monitorizaci\u00f3n y vigilancia remota<\/figcaption><\/figure>\n<\/div>\n\n\n<p>Del 25 al 28 de Febrero se celebra en Madrid <a title=\"Seguridad profesional\" href=\"http:\/\/www.seguridadprofesionalhoy.com\/\" target=\"_blank\" rel=\"noopener\"><strong>SICUR \u2013 Sal\u00f3n Internacional de la Seguridad<\/strong><\/a> que engloba actores de este mercado, desde seguridad ciudadana y f\u00edsica, tr\u00e1fico, alarmas hasta los m\u00e1s avanzados aparatos electr\u00f3nicos como <b>drones<\/b>, <b>c\u00e1maras robotizadas<\/b>, etc.<\/p>\n\n\n\n<!--more-->\n\n\n\n<p>Si bien no est\u00e1 directamente relacionado con los temas de este blog, hay ya muchas empresas de <b>tecnolog\u00eda inal\u00e1mbrica<\/b> que exponen en este sal\u00f3n, ya que cada vez m\u00e1s la seguridad (y muchas otras industrias) est\u00e1n entrelazadas con la transmisi\u00f3n de datos, con el mundo IT y con las redes inal\u00e1mbricas.<\/p>\n\n\n\n<p>Ya hemos hablado aqu\u00ed sobre la transmisi\u00f3n de video por radio, la videovigilancia, pero hay tambi\u00e9n muchas otras aplicaciones que necesitan de transmisi\u00f3n inal\u00e1mbrica, como los <b>drones o aviones teledirigidos<\/b>, generalmente de uso militar.<\/p>\n\n\n\n<p>Para aplicaciones m\u00e1s corrientes en seguridad, tambi\u00e9n se utilizan normalmente tecnolog\u00edas inal\u00e1mbricas para la transmisi\u00f3n de los datos. Conjuntamente con el video en zonas de gesti\u00f3n remotas, se puede mandar los datos del control de acceso, alerta de alarmas, intrusi\u00f3n y voz.<\/p>\n\n\n\n<p>Esta feria, SICUR \u2013 Seguridad, convergencia hacia la monitorizaci\u00f3n y vigilancia remota, es bien interesante para una gran cantidad de sectores que giran alrededor de la seguridad y de la <a title=\"Tecnolog\u00eda inal\u00e1mbrica\" href=\"http:\/\/www.comunicacionesinalambricashoy.com\/\" target=\"_blank\" rel=\"noopener\"><strong>tecnolog\u00eda inal\u00e1mbrica<\/strong><\/a>. Si pueden, vayan.<\/p>\n","protected":false},"excerpt":{"rendered":"<p>Del 25 al 28 de Febrero se celebra en Madrid SICUR \u2013 Sal\u00f3n Internacional de la Seguridad que engloba actores de este mercado, desde seguridad ciudadana y f\u00edsica, tr\u00e1fico, alarmas hasta los m\u00e1s avanzados aparatos electr\u00f3nicos como drones, c\u00e1maras robotizadas, etc.<\/p>\n","protected":false},"author":2,"featured_media":0,"comment_status":"open","ping_status":"closed","sticky":false,"template":"","format":"standard","meta":{"footnotes":""},"categories":[12],"tags":[28],"class_list":["post-169","post","type-post","status-publish","format-standard","hentry","category-seguridad","tag-ferias-especializadas"],"yoast_head":"<!-- This site is optimized with the Yoast SEO plugin v28.4 - https:\/\/yoast.com\/product\/yoast-seo-wordpress\/ -->\n<title>SICUR \u2013 Seguridad, convergencia hacia la monitorizaci\u00f3n y vigilan<\/title>\n<meta name=\"description\" content=\"Del 25 al 28 de Febrero se celebra en Madrid SICUR \u2013 Sal\u00f3n Internacional de la Seguridad que engloba actores de este mercado, desde seguridad\" \/>\n<meta name=\"robots\" content=\"index, follow, max-snippet:-1, max-image-preview:large, max-video-preview:-1\" \/>\n<link rel=\"canonical\" href=\"https:\/\/www.comunicacionesinalambricashoy.com\/wireless\/sicur-seguridad-convergencia-hacia-la-monitorizacion-y-vigilancia-remota\/\" \/>\n<meta property=\"og:locale\" content=\"es_ES\" \/>\n<meta property=\"og:type\" content=\"article\" \/>\n<meta property=\"og:title\" content=\"SICUR \u2013 Seguridad, convergencia hacia la monitorizaci\u00f3n y vigilan\" \/>\n<meta property=\"og:description\" content=\"Del 25 al 28 de Febrero se celebra en Madrid SICUR \u2013 Sal\u00f3n Internacional de la Seguridad que engloba actores de este mercado, desde seguridad\" \/>\n<meta property=\"og:url\" content=\"https:\/\/www.comunicacionesinalambricashoy.com\/wireless\/sicur-seguridad-convergencia-hacia-la-monitorizacion-y-vigilancia-remota\/\" \/>\n<meta property=\"og:site_name\" content=\"Blog de tecnolog\u00eda wireless\" \/>\n<meta property=\"article:published_time\" content=\"2014-02-17T14:11:08+00:00\" \/>\n<meta property=\"article:modified_time\" content=\"2024-04-12T08:34:04+00:00\" \/>\n<meta property=\"og:image\" content=\"https:\/\/www.comunicacionesinalambricashoy.com\/wireless\/wp-content\/uploads\/2014\/02\/SICUR.jpg\" \/>\n<meta name=\"author\" content=\"Oscar Ubierna\" \/>\n<meta name=\"twitter:card\" content=\"summary_large_image\" \/>\n<meta name=\"twitter:label1\" content=\"Escrito por\" \/>\n\t<meta name=\"twitter:data1\" content=\"Oscar Ubierna\" \/>\n\t<meta name=\"twitter:label2\" content=\"Tiempo de lectura\" \/>\n\t<meta name=\"twitter:data2\" content=\"2 minutos\" \/>\n<script type=\"application\/ld+json\" class=\"yoast-schema-graph\">{\"@context\":\"https:\\\/\\\/schema.org\",\"@graph\":[{\"@type\":\"Article\",\"@id\":\"https:\\\/\\\/www.comunicacionesinalambricashoy.com\\\/wireless\\\/sicur-seguridad-convergencia-hacia-la-monitorizacion-y-vigilancia-remota\\\/#article\",\"isPartOf\":{\"@id\":\"https:\\\/\\\/www.comunicacionesinalambricashoy.com\\\/wireless\\\/sicur-seguridad-convergencia-hacia-la-monitorizacion-y-vigilancia-remota\\\/\"},\"author\":{\"name\":\"Oscar Ubierna\",\"@id\":\"https:\\\/\\\/www.comunicacionesinalambricashoy.com\\\/wireless\\\/#\\\/schema\\\/person\\\/26ab9e75ef1d7e5209b56bf707153afa\"},\"headline\":\"SICUR \u2013 Seguridad, convergencia hacia la monitorizaci\u00f3n y vigilancia remota\",\"datePublished\":\"2014-02-17T14:11:08+00:00\",\"dateModified\":\"2024-04-12T08:34:04+00:00\",\"mainEntityOfPage\":{\"@id\":\"https:\\\/\\\/www.comunicacionesinalambricashoy.com\\\/wireless\\\/sicur-seguridad-convergencia-hacia-la-monitorizacion-y-vigilancia-remota\\\/\"},\"wordCount\":246,\"commentCount\":0,\"publisher\":{\"@id\":\"https:\\\/\\\/www.comunicacionesinalambricashoy.com\\\/wireless\\\/#organization\"},\"image\":{\"@id\":\"https:\\\/\\\/www.comunicacionesinalambricashoy.com\\\/wireless\\\/sicur-seguridad-convergencia-hacia-la-monitorizacion-y-vigilancia-remota\\\/#primaryimage\"},\"thumbnailUrl\":\"https:\\\/\\\/www.comunicacionesinalambricashoy.com\\\/wireless\\\/wp-content\\\/uploads\\\/2014\\\/02\\\/SICUR.jpg\",\"keywords\":[\"Ferias especializadas\"],\"articleSection\":[\"Seguridad\"],\"inLanguage\":\"es\",\"potentialAction\":[{\"@type\":\"CommentAction\",\"name\":\"Comment\",\"target\":[\"https:\\\/\\\/www.comunicacionesinalambricashoy.com\\\/wireless\\\/sicur-seguridad-convergencia-hacia-la-monitorizacion-y-vigilancia-remota\\\/#respond\"]}]},{\"@type\":\"WebPage\",\"@id\":\"https:\\\/\\\/www.comunicacionesinalambricashoy.com\\\/wireless\\\/sicur-seguridad-convergencia-hacia-la-monitorizacion-y-vigilancia-remota\\\/\",\"url\":\"https:\\\/\\\/www.comunicacionesinalambricashoy.com\\\/wireless\\\/sicur-seguridad-convergencia-hacia-la-monitorizacion-y-vigilancia-remota\\\/\",\"name\":\"SICUR \u2013 Seguridad, convergencia hacia la monitorizaci\u00f3n y vigilan\",\"isPartOf\":{\"@id\":\"https:\\\/\\\/www.comunicacionesinalambricashoy.com\\\/wireless\\\/#website\"},\"primaryImageOfPage\":{\"@id\":\"https:\\\/\\\/www.comunicacionesinalambricashoy.com\\\/wireless\\\/sicur-seguridad-convergencia-hacia-la-monitorizacion-y-vigilancia-remota\\\/#primaryimage\"},\"image\":{\"@id\":\"https:\\\/\\\/www.comunicacionesinalambricashoy.com\\\/wireless\\\/sicur-seguridad-convergencia-hacia-la-monitorizacion-y-vigilancia-remota\\\/#primaryimage\"},\"thumbnailUrl\":\"https:\\\/\\\/www.comunicacionesinalambricashoy.com\\\/wireless\\\/wp-content\\\/uploads\\\/2014\\\/02\\\/SICUR.jpg\",\"datePublished\":\"2014-02-17T14:11:08+00:00\",\"dateModified\":\"2024-04-12T08:34:04+00:00\",\"description\":\"Del 25 al 28 de Febrero se celebra en Madrid SICUR \u2013 Sal\u00f3n Internacional de la Seguridad que engloba actores de este mercado, desde seguridad\",\"inLanguage\":\"es\",\"potentialAction\":[{\"@type\":\"ReadAction\",\"target\":[\"https:\\\/\\\/www.comunicacionesinalambricashoy.com\\\/wireless\\\/sicur-seguridad-convergencia-hacia-la-monitorizacion-y-vigilancia-remota\\\/\"]}]},{\"@type\":\"ImageObject\",\"inLanguage\":\"es\",\"@id\":\"https:\\\/\\\/www.comunicacionesinalambricashoy.com\\\/wireless\\\/sicur-seguridad-convergencia-hacia-la-monitorizacion-y-vigilancia-remota\\\/#primaryimage\",\"url\":\"https:\\\/\\\/www.comunicacionesinalambricashoy.com\\\/wireless\\\/wp-content\\\/uploads\\\/2014\\\/02\\\/SICUR.jpg\",\"contentUrl\":\"https:\\\/\\\/www.comunicacionesinalambricashoy.com\\\/wireless\\\/wp-content\\\/uploads\\\/2014\\\/02\\\/SICUR.jpg\"},{\"@type\":\"WebSite\",\"@id\":\"https:\\\/\\\/www.comunicacionesinalambricashoy.com\\\/wireless\\\/#website\",\"url\":\"https:\\\/\\\/www.comunicacionesinalambricashoy.com\\\/wireless\\\/\",\"name\":\"Blog de tecnolog\u00eda wireless\",\"description\":\"Comentarios sobre el mundo WIFI, WIMAX, LTE, 3G, ZIGBEE,\u2026\",\"publisher\":{\"@id\":\"https:\\\/\\\/www.comunicacionesinalambricashoy.com\\\/wireless\\\/#organization\"},\"potentialAction\":[{\"@type\":\"SearchAction\",\"target\":{\"@type\":\"EntryPoint\",\"urlTemplate\":\"https:\\\/\\\/www.comunicacionesinalambricashoy.com\\\/wireless\\\/?s={search_term_string}\"},\"query-input\":{\"@type\":\"PropertyValueSpecification\",\"valueRequired\":true,\"valueName\":\"search_term_string\"}}],\"inLanguage\":\"es\"},{\"@type\":\"Organization\",\"@id\":\"https:\\\/\\\/www.comunicacionesinalambricashoy.com\\\/wireless\\\/#organization\",\"name\":\"NTDhoy, S.L.\",\"url\":\"https:\\\/\\\/www.comunicacionesinalambricashoy.com\\\/wireless\\\/\",\"logo\":{\"@type\":\"ImageObject\",\"inLanguage\":\"es\",\"@id\":\"https:\\\/\\\/www.comunicacionesinalambricashoy.com\\\/wireless\\\/#\\\/schema\\\/logo\\\/image\\\/\",\"url\":\"https:\\\/\\\/www.comunicacionesinalambricashoy.com\\\/wireless\\\/wp-content\\\/uploads\\\/2019\\\/12\\\/NTDhoy.png\",\"contentUrl\":\"https:\\\/\\\/www.comunicacionesinalambricashoy.com\\\/wireless\\\/wp-content\\\/uploads\\\/2019\\\/12\\\/NTDhoy.png\",\"width\":287,\"height\":287,\"caption\":\"NTDhoy, S.L.\"},\"image\":{\"@id\":\"https:\\\/\\\/www.comunicacionesinalambricashoy.com\\\/wireless\\\/#\\\/schema\\\/logo\\\/image\\\/\"}},{\"@type\":\"Person\",\"@id\":\"https:\\\/\\\/www.comunicacionesinalambricashoy.com\\\/wireless\\\/#\\\/schema\\\/person\\\/26ab9e75ef1d7e5209b56bf707153afa\",\"name\":\"Oscar Ubierna\",\"image\":{\"@type\":\"ImageObject\",\"inLanguage\":\"es\",\"@id\":\"https:\\\/\\\/secure.gravatar.com\\\/avatar\\\/2fdd545cc4d992cf5ce7ea68d27a39ef01ef6bdad12d29b6e5be40d790e2fce3?s=96&d=mm&r=g\",\"url\":\"https:\\\/\\\/secure.gravatar.com\\\/avatar\\\/2fdd545cc4d992cf5ce7ea68d27a39ef01ef6bdad12d29b6e5be40d790e2fce3?s=96&d=mm&r=g\",\"contentUrl\":\"https:\\\/\\\/secure.gravatar.com\\\/avatar\\\/2fdd545cc4d992cf5ce7ea68d27a39ef01ef6bdad12d29b6e5be40d790e2fce3?s=96&d=mm&r=g\",\"caption\":\"Oscar Ubierna\"},\"sameAs\":[\"https:\\\/\\\/www.comunicacionesinalambricashoy.com\\\/wireless\\\/\"],\"url\":\"https:\\\/\\\/www.comunicacionesinalambricashoy.com\\\/wireless\\\/author\\\/oscar\\\/\"}]}<\/script>\n<!-- \/ Yoast SEO plugin. -->","yoast_head_json":{"title":"SICUR \u2013 Seguridad, convergencia hacia la monitorizaci\u00f3n y vigilan","description":"Del 25 al 28 de Febrero se celebra en Madrid SICUR \u2013 Sal\u00f3n Internacional de la Seguridad que engloba actores de este mercado, desde seguridad","robots":{"index":"index","follow":"follow","max-snippet":"max-snippet:-1","max-image-preview":"max-image-preview:large","max-video-preview":"max-video-preview:-1"},"canonical":"https:\/\/www.comunicacionesinalambricashoy.com\/wireless\/sicur-seguridad-convergencia-hacia-la-monitorizacion-y-vigilancia-remota\/","og_locale":"es_ES","og_type":"article","og_title":"SICUR \u2013 Seguridad, convergencia hacia la monitorizaci\u00f3n y vigilan","og_description":"Del 25 al 28 de Febrero se celebra en Madrid SICUR \u2013 Sal\u00f3n Internacional de la Seguridad que engloba actores de este mercado, desde seguridad","og_url":"https:\/\/www.comunicacionesinalambricashoy.com\/wireless\/sicur-seguridad-convergencia-hacia-la-monitorizacion-y-vigilancia-remota\/","og_site_name":"Blog de tecnolog\u00eda wireless","article_published_time":"2014-02-17T14:11:08+00:00","article_modified_time":"2024-04-12T08:34:04+00:00","og_image":[{"url":"https:\/\/www.comunicacionesinalambricashoy.com\/wireless\/wp-content\/uploads\/2014\/02\/SICUR.jpg","type":"","width":"","height":""}],"author":"Oscar Ubierna","twitter_card":"summary_large_image","twitter_misc":{"Escrito por":"Oscar Ubierna","Tiempo de lectura":"2 minutos"},"schema":{"@context":"https:\/\/schema.org","@graph":[{"@type":"Article","@id":"https:\/\/www.comunicacionesinalambricashoy.com\/wireless\/sicur-seguridad-convergencia-hacia-la-monitorizacion-y-vigilancia-remota\/#article","isPartOf":{"@id":"https:\/\/www.comunicacionesinalambricashoy.com\/wireless\/sicur-seguridad-convergencia-hacia-la-monitorizacion-y-vigilancia-remota\/"},"author":{"name":"Oscar Ubierna","@id":"https:\/\/www.comunicacionesinalambricashoy.com\/wireless\/#\/schema\/person\/26ab9e75ef1d7e5209b56bf707153afa"},"headline":"SICUR \u2013 Seguridad, convergencia hacia la monitorizaci\u00f3n y vigilancia remota","datePublished":"2014-02-17T14:11:08+00:00","dateModified":"2024-04-12T08:34:04+00:00","mainEntityOfPage":{"@id":"https:\/\/www.comunicacionesinalambricashoy.com\/wireless\/sicur-seguridad-convergencia-hacia-la-monitorizacion-y-vigilancia-remota\/"},"wordCount":246,"commentCount":0,"publisher":{"@id":"https:\/\/www.comunicacionesinalambricashoy.com\/wireless\/#organization"},"image":{"@id":"https:\/\/www.comunicacionesinalambricashoy.com\/wireless\/sicur-seguridad-convergencia-hacia-la-monitorizacion-y-vigilancia-remota\/#primaryimage"},"thumbnailUrl":"https:\/\/www.comunicacionesinalambricashoy.com\/wireless\/wp-content\/uploads\/2014\/02\/SICUR.jpg","keywords":["Ferias especializadas"],"articleSection":["Seguridad"],"inLanguage":"es","potentialAction":[{"@type":"CommentAction","name":"Comment","target":["https:\/\/www.comunicacionesinalambricashoy.com\/wireless\/sicur-seguridad-convergencia-hacia-la-monitorizacion-y-vigilancia-remota\/#respond"]}]},{"@type":"WebPage","@id":"https:\/\/www.comunicacionesinalambricashoy.com\/wireless\/sicur-seguridad-convergencia-hacia-la-monitorizacion-y-vigilancia-remota\/","url":"https:\/\/www.comunicacionesinalambricashoy.com\/wireless\/sicur-seguridad-convergencia-hacia-la-monitorizacion-y-vigilancia-remota\/","name":"SICUR \u2013 Seguridad, convergencia hacia la monitorizaci\u00f3n y vigilan","isPartOf":{"@id":"https:\/\/www.comunicacionesinalambricashoy.com\/wireless\/#website"},"primaryImageOfPage":{"@id":"https:\/\/www.comunicacionesinalambricashoy.com\/wireless\/sicur-seguridad-convergencia-hacia-la-monitorizacion-y-vigilancia-remota\/#primaryimage"},"image":{"@id":"https:\/\/www.comunicacionesinalambricashoy.com\/wireless\/sicur-seguridad-convergencia-hacia-la-monitorizacion-y-vigilancia-remota\/#primaryimage"},"thumbnailUrl":"https:\/\/www.comunicacionesinalambricashoy.com\/wireless\/wp-content\/uploads\/2014\/02\/SICUR.jpg","datePublished":"2014-02-17T14:11:08+00:00","dateModified":"2024-04-12T08:34:04+00:00","description":"Del 25 al 28 de Febrero se celebra en Madrid SICUR \u2013 Sal\u00f3n Internacional de la Seguridad que engloba actores de este mercado, desde seguridad","inLanguage":"es","potentialAction":[{"@type":"ReadAction","target":["https:\/\/www.comunicacionesinalambricashoy.com\/wireless\/sicur-seguridad-convergencia-hacia-la-monitorizacion-y-vigilancia-remota\/"]}]},{"@type":"ImageObject","inLanguage":"es","@id":"https:\/\/www.comunicacionesinalambricashoy.com\/wireless\/sicur-seguridad-convergencia-hacia-la-monitorizacion-y-vigilancia-remota\/#primaryimage","url":"https:\/\/www.comunicacionesinalambricashoy.com\/wireless\/wp-content\/uploads\/2014\/02\/SICUR.jpg","contentUrl":"https:\/\/www.comunicacionesinalambricashoy.com\/wireless\/wp-content\/uploads\/2014\/02\/SICUR.jpg"},{"@type":"WebSite","@id":"https:\/\/www.comunicacionesinalambricashoy.com\/wireless\/#website","url":"https:\/\/www.comunicacionesinalambricashoy.com\/wireless\/","name":"Blog de tecnolog\u00eda wireless","description":"Comentarios sobre el mundo WIFI, WIMAX, LTE, 3G, ZIGBEE,\u2026","publisher":{"@id":"https:\/\/www.comunicacionesinalambricashoy.com\/wireless\/#organization"},"potentialAction":[{"@type":"SearchAction","target":{"@type":"EntryPoint","urlTemplate":"https:\/\/www.comunicacionesinalambricashoy.com\/wireless\/?s={search_term_string}"},"query-input":{"@type":"PropertyValueSpecification","valueRequired":true,"valueName":"search_term_string"}}],"inLanguage":"es"},{"@type":"Organization","@id":"https:\/\/www.comunicacionesinalambricashoy.com\/wireless\/#organization","name":"NTDhoy, S.L.","url":"https:\/\/www.comunicacionesinalambricashoy.com\/wireless\/","logo":{"@type":"ImageObject","inLanguage":"es","@id":"https:\/\/www.comunicacionesinalambricashoy.com\/wireless\/#\/schema\/logo\/image\/","url":"https:\/\/www.comunicacionesinalambricashoy.com\/wireless\/wp-content\/uploads\/2019\/12\/NTDhoy.png","contentUrl":"https:\/\/www.comunicacionesinalambricashoy.com\/wireless\/wp-content\/uploads\/2019\/12\/NTDhoy.png","width":287,"height":287,"caption":"NTDhoy, S.L."},"image":{"@id":"https:\/\/www.comunicacionesinalambricashoy.com\/wireless\/#\/schema\/logo\/image\/"}},{"@type":"Person","@id":"https:\/\/www.comunicacionesinalambricashoy.com\/wireless\/#\/schema\/person\/26ab9e75ef1d7e5209b56bf707153afa","name":"Oscar Ubierna","image":{"@type":"ImageObject","inLanguage":"es","@id":"https:\/\/secure.gravatar.com\/avatar\/2fdd545cc4d992cf5ce7ea68d27a39ef01ef6bdad12d29b6e5be40d790e2fce3?s=96&d=mm&r=g","url":"https:\/\/secure.gravatar.com\/avatar\/2fdd545cc4d992cf5ce7ea68d27a39ef01ef6bdad12d29b6e5be40d790e2fce3?s=96&d=mm&r=g","contentUrl":"https:\/\/secure.gravatar.com\/avatar\/2fdd545cc4d992cf5ce7ea68d27a39ef01ef6bdad12d29b6e5be40d790e2fce3?s=96&d=mm&r=g","caption":"Oscar Ubierna"},"sameAs":["https:\/\/www.comunicacionesinalambricashoy.com\/wireless\/"],"url":"https:\/\/www.comunicacionesinalambricashoy.com\/wireless\/author\/oscar\/"}]}},"_links":{"self":[{"href":"https:\/\/www.comunicacionesinalambricashoy.com\/wireless\/wp-json\/wp\/v2\/posts\/169","targetHints":{"allow":["GET"]}}],"collection":[{"href":"https:\/\/www.comunicacionesinalambricashoy.com\/wireless\/wp-json\/wp\/v2\/posts"}],"about":[{"href":"https:\/\/www.comunicacionesinalambricashoy.com\/wireless\/wp-json\/wp\/v2\/types\/post"}],"author":[{"embeddable":true,"href":"https:\/\/www.comunicacionesinalambricashoy.com\/wireless\/wp-json\/wp\/v2\/users\/2"}],"replies":[{"embeddable":true,"href":"https:\/\/www.comunicacionesinalambricashoy.com\/wireless\/wp-json\/wp\/v2\/comments?post=169"}],"version-history":[{"count":4,"href":"https:\/\/www.comunicacionesinalambricashoy.com\/wireless\/wp-json\/wp\/v2\/posts\/169\/revisions"}],"predecessor-version":[{"id":817,"href":"https:\/\/www.comunicacionesinalambricashoy.com\/wireless\/wp-json\/wp\/v2\/posts\/169\/revisions\/817"}],"wp:attachment":[{"href":"https:\/\/www.comunicacionesinalambricashoy.com\/wireless\/wp-json\/wp\/v2\/media?parent=169"}],"wp:term":[{"taxonomy":"category","embeddable":true,"href":"https:\/\/www.comunicacionesinalambricashoy.com\/wireless\/wp-json\/wp\/v2\/categories?post=169"},{"taxonomy":"post_tag","embeddable":true,"href":"https:\/\/www.comunicacionesinalambricashoy.com\/wireless\/wp-json\/wp\/v2\/tags?post=169"}],"curies":[{"name":"wp","href":"https:\/\/api.w.org\/{rel}","templated":true}]}}